{"id":8946,"date":"2026-04-28T15:49:50","date_gmt":"2026-04-28T13:49:50","guid":{"rendered":"https:\/\/apaiser.org\/newsite\/?p=8946"},"modified":"2026-04-28T15:49:51","modified_gmt":"2026-04-28T13:49:51","slug":"rencontre-de-lalliance-maladies-rares-a-quimper","status":"publish","type":"post","link":"https:\/\/apaiser.org\/newsite\/2026\/04\/28\/rencontre-de-lalliance-maladies-rares-a-quimper\/","title":{"rendered":"Rencontre de l&#8217;Alliance Maladies Rares \u00e0 Quimper"},"content":{"rendered":"\n<p>Le 22 mai prochain, les rencontres r\u00e9gionales de l&#8217;Alliance Maladies Rares font escale en Bretagne, \u00e0 Quimper o\u00f9 APAISER S&amp;C sera repr\u00e9sent\u00e9e par sa Pr\u00e9sidente Mado Gilanton. L&#8217;occasion d&#8217;\u00e9changer entre patients, aidants, et repr\u00e9sentants des associations de patients atteints de maladies rares.<br><br>Chaque rencontre r\u00e9gionale suit le m\u00eame ordre du jour : <\/p>\n\n\n\n<p><strong>\ud83d\ude4c 14h \u2013 14h15&nbsp;<\/strong><strong>:&nbsp;Accueil caf\u00e9<\/strong><\/p>\n\n\n\n<p><strong>\ud83d\udcac 14h15 \u2013 16h15 :<\/strong><\/p>\n\n\n\n<ul class=\"wp-block-list\">\n<li>Partager son exp\u00e9rience \u2013 tour de salle avec t\u00e9moignages des participants\u00a0<\/li>\n\n\n\n<li>Savoir utiliser les outils \u00e0 disposition des malades et des familles, au niveau r\u00e9gional et national\u00a0<\/li>\n\n\n\n<li>\u00c9changer sur le r\u00f4le majeur des associations de malades dans l\u2019accompagnement des malades\u00a0<\/li>\n\n\n\n<li>Intervention\u00a0de nos partenaires pour soutenir les combats de l\u2019Alliance maladies rares.<\/li>\n<\/ul>\n\n\n\n<p><strong>\u2615 16h15-16h45 : pause caf\u00e9<\/strong><\/p>\n\n\n\n<p><strong>\ud83e\ude7a 16h45-18h :<\/strong><\/p>\n\n\n\n<ul class=\"wp-block-list\">\n<li>Intervention d\u2019un m\u00e9decin coordonnateur autour du lien ville-h\u00f4pital et du parcours de soin\u00a0<\/li>\n\n\n\n<li>Actions de sensibilisation aux maladies rares envers les professionnels de sant\u00e9 et le grand public.<\/li>\n<\/ul>\n\n\n\n<p><strong>\ud83e\uddc1 18h : \u00c9changes autour d\u2019un cocktail de cl\u00f4ture<\/strong><br><br>Pour d\u00e9couvrir le programme des r\u00e9unions r\u00e9gionales de l&#8217;Alliance Maladies rares et vous inscrire gratuitement \u00e0 la rencontre programm\u00e9e dans votre r\u00e9gion : <a href=\"https:\/\/fr.surveymonkey.com\/r\/LRCXBN3\">cliquez ici.<\/a><\/p>\n","protected":false},"excerpt":{"rendered":"<p>Le 22 mai prochain, les rencontres r\u00e9gionales de l&#8217;Alliance Maladies Rares font escale en Bretagne, \u00e0 Quimper o\u00f9 APAISER S&#038;C sera repr\u00e9sent\u00e9e par sa Pr\u00e9sidente Mado Gilanton. L&#8217;occasion d&#8217;\u00e9changer entre patients, aidants, et repr\u00e9sentants des associations de patients atteints de maladies rares.<\/p>\n","protected":false},"author":1,"featured_media":8947,"comment_status":"open","ping_status":"open","sticky":false,"template":"","format":"standard","meta":{"inline_featured_image":false,"footnotes":""},"categories":[35],"tags":[],"class_list":["post-8946","post","type-post","status-publish","format-standard","has-post-thumbnail","hentry","category-actus"],"yoast_head":"<!-- This site is optimized with the Yoast SEO plugin v27.5 - https:\/\/yoast.com\/product\/yoast-seo-wordpress\/ -->\n<title>Rencontre de l&#039;Alliance Maladies Rares \u00e0 Quimper - Apaiser S&amp;C<\/title>\n<meta name=\"description\" content=\"Le 22 mai prochain, les rencontres r\u00e9gionales de l&#039;Alliance Maladies Rares font escale en Bretagne, \u00e0 Quimper o\u00f9 APAISER S&amp;C sera repr\u00e9sent\u00e9e par sa Pr\u00e9sidente Mado Gilanton. L&#039;occasion d&#039;\u00e9changer entre patients, aidants, et repr\u00e9sentants des associations de patients atteints de maladies rares.\" \/>\n<meta name=\"robots\" content=\"index, follow, max-snippet:-1, max-image-preview:large, max-video-preview:-1\" \/>\n<link rel=\"canonical\" href=\"https:\/\/apaiser.org\/newsite\/2026\/04\/28\/rencontre-de-lalliance-maladies-rares-a-quimper\/\" \/>\n<meta property=\"og:locale\" content=\"fr_FR\" \/>\n<meta property=\"og:type\" content=\"article\" \/>\n<meta property=\"og:title\" content=\"Rencontre de l&#039;Alliance Maladies Rares \u00e0 Quimper - Apaiser S&amp;C\" \/>\n<meta property=\"og:description\" content=\"Le 22 mai prochain, les rencontres r\u00e9gionales de l&#039;Alliance Maladies Rares font escale en Bretagne, \u00e0 Quimper o\u00f9 APAISER S&amp;C sera repr\u00e9sent\u00e9e par sa Pr\u00e9sidente Mado Gilanton. L&#039;occasion d&#039;\u00e9changer entre patients, aidants, et repr\u00e9sentants des associations de patients atteints de maladies rares.\" \/>\n<meta property=\"og:url\" content=\"https:\/\/apaiser.org\/newsite\/2026\/04\/28\/rencontre-de-lalliance-maladies-rares-a-quimper\/\" \/>\n<meta property=\"og:site_name\" content=\"Apaiser S&amp;C\" \/>\n<meta property=\"article:publisher\" content=\"https:\/\/www.facebook.com\/AssociationApaiser\/\" \/>\n<meta property=\"article:published_time\" content=\"2026-04-28T13:49:50+00:00\" \/>\n<meta property=\"article:modified_time\" content=\"2026-04-28T13:49:51+00:00\" \/>\n<meta property=\"og:image\" content=\"http:\/\/apaiser.org\/newsite\/wp-content\/uploads\/2026\/04\/quimper.jpg\" \/>\n\t<meta property=\"og:image:width\" content=\"768\" \/>\n\t<meta property=\"og:image:height\" content=\"384\" \/>\n\t<meta property=\"og:image:type\" content=\"image\/jpeg\" \/>\n<meta name=\"author\" content=\"fpiriou\" \/>\n<meta name=\"twitter:card\" content=\"summary_large_image\" \/>\n<meta name=\"twitter:label1\" content=\"\u00c9crit par\" \/>\n\t<meta name=\"twitter:data1\" content=\"fpiriou\" \/>\n\t<meta name=\"twitter:label2\" content=\"Dur\u00e9e de lecture estim\u00e9e\" \/>\n\t<meta name=\"twitter:data2\" content=\"2 minutes\" \/>\n<script type=\"application\/ld+json\" class=\"yoast-schema-graph\">{\"@context\":\"https:\\\/\\\/schema.org\",\"@graph\":[{\"@type\":\"Article\",\"@id\":\"https:\\\/\\\/apaiser.org\\\/newsite\\\/2026\\\/04\\\/28\\\/rencontre-de-lalliance-maladies-rares-a-quimper\\\/#article\",\"isPartOf\":{\"@id\":\"https:\\\/\\\/apaiser.org\\\/newsite\\\/2026\\\/04\\\/28\\\/rencontre-de-lalliance-maladies-rares-a-quimper\\\/\"},\"author\":{\"name\":\"fpiriou\",\"@id\":\"https:\\\/\\\/apaiser.org\\\/newsite\\\/#\\\/schema\\\/person\\\/198f94d7e1c44941ed2fbc07a4843ad8\"},\"headline\":\"Rencontre de l&#8217;Alliance Maladies Rares \u00e0 Quimper\",\"datePublished\":\"2026-04-28T13:49:50+00:00\",\"dateModified\":\"2026-04-28T13:49:51+00:00\",\"mainEntityOfPage\":{\"@id\":\"https:\\\/\\\/apaiser.org\\\/newsite\\\/2026\\\/04\\\/28\\\/rencontre-de-lalliance-maladies-rares-a-quimper\\\/\"},\"wordCount\":205,\"commentCount\":0,\"publisher\":{\"@id\":\"https:\\\/\\\/apaiser.org\\\/newsite\\\/#organization\"},\"image\":{\"@id\":\"https:\\\/\\\/apaiser.org\\\/newsite\\\/2026\\\/04\\\/28\\\/rencontre-de-lalliance-maladies-rares-a-quimper\\\/#primaryimage\"},\"thumbnailUrl\":\"https:\\\/\\\/apaiser.org\\\/newsite\\\/wp-content\\\/uploads\\\/2026\\\/04\\\/quimper.jpg\",\"articleSection\":[\"Actualit\u00e9s\"],\"inLanguage\":\"fr-FR\",\"potentialAction\":[{\"@type\":\"CommentAction\",\"name\":\"Comment\",\"target\":[\"https:\\\/\\\/apaiser.org\\\/newsite\\\/2026\\\/04\\\/28\\\/rencontre-de-lalliance-maladies-rares-a-quimper\\\/#respond\"]}]},{\"@type\":\"WebPage\",\"@id\":\"https:\\\/\\\/apaiser.org\\\/newsite\\\/2026\\\/04\\\/28\\\/rencontre-de-lalliance-maladies-rares-a-quimper\\\/\",\"url\":\"https:\\\/\\\/apaiser.org\\\/newsite\\\/2026\\\/04\\\/28\\\/rencontre-de-lalliance-maladies-rares-a-quimper\\\/\",\"name\":\"Rencontre de l'Alliance Maladies Rares \u00e0 Quimper - Apaiser S&amp;C\",\"isPartOf\":{\"@id\":\"https:\\\/\\\/apaiser.org\\\/newsite\\\/#website\"},\"primaryImageOfPage\":{\"@id\":\"https:\\\/\\\/apaiser.org\\\/newsite\\\/2026\\\/04\\\/28\\\/rencontre-de-lalliance-maladies-rares-a-quimper\\\/#primaryimage\"},\"image\":{\"@id\":\"https:\\\/\\\/apaiser.org\\\/newsite\\\/2026\\\/04\\\/28\\\/rencontre-de-lalliance-maladies-rares-a-quimper\\\/#primaryimage\"},\"thumbnailUrl\":\"https:\\\/\\\/apaiser.org\\\/newsite\\\/wp-content\\\/uploads\\\/2026\\\/04\\\/quimper.jpg\",\"datePublished\":\"2026-04-28T13:49:50+00:00\",\"dateModified\":\"2026-04-28T13:49:51+00:00\",\"description\":\"Le 22 mai prochain, les rencontres r\u00e9gionales de l'Alliance Maladies Rares font escale en Bretagne, \u00e0 Quimper o\u00f9 APAISER S&C sera repr\u00e9sent\u00e9e par sa Pr\u00e9sidente Mado Gilanton. L'occasion d'\u00e9changer entre patients, aidants, et repr\u00e9sentants des associations de patients atteints de maladies rares.\",\"breadcrumb\":{\"@id\":\"https:\\\/\\\/apaiser.org\\\/newsite\\\/2026\\\/04\\\/28\\\/rencontre-de-lalliance-maladies-rares-a-quimper\\\/#breadcrumb\"},\"inLanguage\":\"fr-FR\",\"potentialAction\":[{\"@type\":\"ReadAction\",\"target\":[\"https:\\\/\\\/apaiser.org\\\/newsite\\\/2026\\\/04\\\/28\\\/rencontre-de-lalliance-maladies-rares-a-quimper\\\/\"]}]},{\"@type\":\"ImageObject\",\"inLanguage\":\"fr-FR\",\"@id\":\"https:\\\/\\\/apaiser.org\\\/newsite\\\/2026\\\/04\\\/28\\\/rencontre-de-lalliance-maladies-rares-a-quimper\\\/#primaryimage\",\"url\":\"https:\\\/\\\/apaiser.org\\\/newsite\\\/wp-content\\\/uploads\\\/2026\\\/04\\\/quimper.jpg\",\"contentUrl\":\"https:\\\/\\\/apaiser.org\\\/newsite\\\/wp-content\\\/uploads\\\/2026\\\/04\\\/quimper.jpg\",\"width\":768,\"height\":384},{\"@type\":\"BreadcrumbList\",\"@id\":\"https:\\\/\\\/apaiser.org\\\/newsite\\\/2026\\\/04\\\/28\\\/rencontre-de-lalliance-maladies-rares-a-quimper\\\/#breadcrumb\",\"itemListElement\":[{\"@type\":\"ListItem\",\"position\":1,\"name\":\"Accueil\",\"item\":\"https:\\\/\\\/apaiser.org\\\/newsite\\\/\"},{\"@type\":\"ListItem\",\"position\":2,\"name\":\"Actualit\u00e9s\",\"item\":\"https:\\\/\\\/apaiser.org\\\/newsite\\\/category\\\/actus\\\/\"},{\"@type\":\"ListItem\",\"position\":3,\"name\":\"Rencontre de l&#8217;Alliance Maladies Rares \u00e0 Quimper\"}]},{\"@type\":\"WebSite\",\"@id\":\"https:\\\/\\\/apaiser.org\\\/newsite\\\/#website\",\"url\":\"https:\\\/\\\/apaiser.org\\\/newsite\\\/\",\"name\":\"Apaiser S&C\",\"description\":\"Associaton pour Aider, Informer, Soutenir les Etudes et la Recherche pour la syingomy\u00e9lie et le Chiari\",\"publisher\":{\"@id\":\"https:\\\/\\\/apaiser.org\\\/newsite\\\/#organization\"},\"alternateName\":\"Association pour aide, informer, soutenir les \u00e9tudes et la recherche pou la syringomy\u00e9lie et le chiari\",\"potentialAction\":[{\"@type\":\"SearchAction\",\"target\":{\"@type\":\"EntryPoint\",\"urlTemplate\":\"https:\\\/\\\/apaiser.org\\\/newsite\\\/?s={search_term_string}\"},\"query-input\":{\"@type\":\"PropertyValueSpecification\",\"valueRequired\":true,\"valueName\":\"search_term_string\"}}],\"inLanguage\":\"fr-FR\"},{\"@type\":\"Organization\",\"@id\":\"https:\\\/\\\/apaiser.org\\\/newsite\\\/#organization\",\"name\":\"Apaiser S&C\",\"alternateName\":\"Association pour aider, informer, soutenir les \u00e9tudes et la recherche pour la syingomy\u00e9lie et le Chiari\",\"url\":\"https:\\\/\\\/apaiser.org\\\/newsite\\\/\",\"logo\":{\"@type\":\"ImageObject\",\"inLanguage\":\"fr-FR\",\"@id\":\"https:\\\/\\\/apaiser.org\\\/newsite\\\/#\\\/schema\\\/logo\\\/image\\\/\",\"url\":\"https:\\\/\\\/apaiser.org\\\/newsite\\\/wp-content\\\/uploads\\\/2024\\\/06\\\/logo.png\",\"contentUrl\":\"https:\\\/\\\/apaiser.org\\\/newsite\\\/wp-content\\\/uploads\\\/2024\\\/06\\\/logo.png\",\"width\":173,\"height\":136,\"caption\":\"Apaiser S&C\"},\"image\":{\"@id\":\"https:\\\/\\\/apaiser.org\\\/newsite\\\/#\\\/schema\\\/logo\\\/image\\\/\"},\"sameAs\":[\"https:\\\/\\\/www.facebook.com\\\/AssociationApaiser\\\/\",\"https:\\\/\\\/www.instagram.com\\\/apaisersc\\\/\",\"https:\\\/\\\/www.youtube.com\\\/@apaiser7806\"]},{\"@type\":\"Person\",\"@id\":\"https:\\\/\\\/apaiser.org\\\/newsite\\\/#\\\/schema\\\/person\\\/198f94d7e1c44941ed2fbc07a4843ad8\",\"name\":\"fpiriou\",\"image\":{\"@type\":\"ImageObject\",\"inLanguage\":\"fr-FR\",\"@id\":\"https:\\\/\\\/secure.gravatar.com\\\/avatar\\\/0ebc02d67dfb83083b07ed8014c44a279140d306b0f26fa097a5c1e1b9b5ca78?s=96&d=mm&r=g\",\"url\":\"https:\\\/\\\/secure.gravatar.com\\\/avatar\\\/0ebc02d67dfb83083b07ed8014c44a279140d306b0f26fa097a5c1e1b9b5ca78?s=96&d=mm&r=g\",\"contentUrl\":\"https:\\\/\\\/secure.gravatar.com\\\/avatar\\\/0ebc02d67dfb83083b07ed8014c44a279140d306b0f26fa097a5c1e1b9b5ca78?s=96&d=mm&r=g\",\"caption\":\"fpiriou\"},\"sameAs\":[\"http:\\\/\\\/apaiser.org\\\/newsite\"],\"url\":\"https:\\\/\\\/apaiser.org\\\/newsite\\\/author\\\/fpiriou\\\/\"}]}<\/script>\n<!-- \/ Yoast SEO plugin. -->","yoast_head_json":{"title":"Rencontre de l'Alliance Maladies Rares \u00e0 Quimper - Apaiser S&amp;C","description":"Le 22 mai prochain, les rencontres r\u00e9gionales de l'Alliance Maladies Rares font escale en Bretagne, \u00e0 Quimper o\u00f9 APAISER S&C sera repr\u00e9sent\u00e9e par sa Pr\u00e9sidente Mado Gilanton. L'occasion d'\u00e9changer entre patients, aidants, et repr\u00e9sentants des associations de patients atteints de maladies rares.","robots":{"index":"index","follow":"follow","max-snippet":"max-snippet:-1","max-image-preview":"max-image-preview:large","max-video-preview":"max-video-preview:-1"},"canonical":"https:\/\/apaiser.org\/newsite\/2026\/04\/28\/rencontre-de-lalliance-maladies-rares-a-quimper\/","og_locale":"fr_FR","og_type":"article","og_title":"Rencontre de l'Alliance Maladies Rares \u00e0 Quimper - Apaiser S&amp;C","og_description":"Le 22 mai prochain, les rencontres r\u00e9gionales de l'Alliance Maladies Rares font escale en Bretagne, \u00e0 Quimper o\u00f9 APAISER S&C sera repr\u00e9sent\u00e9e par sa Pr\u00e9sidente Mado Gilanton. L'occasion d'\u00e9changer entre patients, aidants, et repr\u00e9sentants des associations de patients atteints de maladies rares.","og_url":"https:\/\/apaiser.org\/newsite\/2026\/04\/28\/rencontre-de-lalliance-maladies-rares-a-quimper\/","og_site_name":"Apaiser S&amp;C","article_publisher":"https:\/\/www.facebook.com\/AssociationApaiser\/","article_published_time":"2026-04-28T13:49:50+00:00","article_modified_time":"2026-04-28T13:49:51+00:00","og_image":[{"width":768,"height":384,"url":"http:\/\/apaiser.org\/newsite\/wp-content\/uploads\/2026\/04\/quimper.jpg","type":"image\/jpeg"}],"author":"fpiriou","twitter_card":"summary_large_image","twitter_misc":{"\u00c9crit par":"fpiriou","Dur\u00e9e de lecture estim\u00e9e":"2 minutes"},"schema":{"@context":"https:\/\/schema.org","@graph":[{"@type":"Article","@id":"https:\/\/apaiser.org\/newsite\/2026\/04\/28\/rencontre-de-lalliance-maladies-rares-a-quimper\/#article","isPartOf":{"@id":"https:\/\/apaiser.org\/newsite\/2026\/04\/28\/rencontre-de-lalliance-maladies-rares-a-quimper\/"},"author":{"name":"fpiriou","@id":"https:\/\/apaiser.org\/newsite\/#\/schema\/person\/198f94d7e1c44941ed2fbc07a4843ad8"},"headline":"Rencontre de l&#8217;Alliance Maladies Rares \u00e0 Quimper","datePublished":"2026-04-28T13:49:50+00:00","dateModified":"2026-04-28T13:49:51+00:00","mainEntityOfPage":{"@id":"https:\/\/apaiser.org\/newsite\/2026\/04\/28\/rencontre-de-lalliance-maladies-rares-a-quimper\/"},"wordCount":205,"commentCount":0,"publisher":{"@id":"https:\/\/apaiser.org\/newsite\/#organization"},"image":{"@id":"https:\/\/apaiser.org\/newsite\/2026\/04\/28\/rencontre-de-lalliance-maladies-rares-a-quimper\/#primaryimage"},"thumbnailUrl":"https:\/\/apaiser.org\/newsite\/wp-content\/uploads\/2026\/04\/quimper.jpg","articleSection":["Actualit\u00e9s"],"inLanguage":"fr-FR","potentialAction":[{"@type":"CommentAction","name":"Comment","target":["https:\/\/apaiser.org\/newsite\/2026\/04\/28\/rencontre-de-lalliance-maladies-rares-a-quimper\/#respond"]}]},{"@type":"WebPage","@id":"https:\/\/apaiser.org\/newsite\/2026\/04\/28\/rencontre-de-lalliance-maladies-rares-a-quimper\/","url":"https:\/\/apaiser.org\/newsite\/2026\/04\/28\/rencontre-de-lalliance-maladies-rares-a-quimper\/","name":"Rencontre de l'Alliance Maladies Rares \u00e0 Quimper - Apaiser S&amp;C","isPartOf":{"@id":"https:\/\/apaiser.org\/newsite\/#website"},"primaryImageOfPage":{"@id":"https:\/\/apaiser.org\/newsite\/2026\/04\/28\/rencontre-de-lalliance-maladies-rares-a-quimper\/#primaryimage"},"image":{"@id":"https:\/\/apaiser.org\/newsite\/2026\/04\/28\/rencontre-de-lalliance-maladies-rares-a-quimper\/#primaryimage"},"thumbnailUrl":"https:\/\/apaiser.org\/newsite\/wp-content\/uploads\/2026\/04\/quimper.jpg","datePublished":"2026-04-28T13:49:50+00:00","dateModified":"2026-04-28T13:49:51+00:00","description":"Le 22 mai prochain, les rencontres r\u00e9gionales de l'Alliance Maladies Rares font escale en Bretagne, \u00e0 Quimper o\u00f9 APAISER S&C sera repr\u00e9sent\u00e9e par sa Pr\u00e9sidente Mado Gilanton. L'occasion d'\u00e9changer entre patients, aidants, et repr\u00e9sentants des associations de patients atteints de maladies rares.","breadcrumb":{"@id":"https:\/\/apaiser.org\/newsite\/2026\/04\/28\/rencontre-de-lalliance-maladies-rares-a-quimper\/#breadcrumb"},"inLanguage":"fr-FR","potentialAction":[{"@type":"ReadAction","target":["https:\/\/apaiser.org\/newsite\/2026\/04\/28\/rencontre-de-lalliance-maladies-rares-a-quimper\/"]}]},{"@type":"ImageObject","inLanguage":"fr-FR","@id":"https:\/\/apaiser.org\/newsite\/2026\/04\/28\/rencontre-de-lalliance-maladies-rares-a-quimper\/#primaryimage","url":"https:\/\/apaiser.org\/newsite\/wp-content\/uploads\/2026\/04\/quimper.jpg","contentUrl":"https:\/\/apaiser.org\/newsite\/wp-content\/uploads\/2026\/04\/quimper.jpg","width":768,"height":384},{"@type":"BreadcrumbList","@id":"https:\/\/apaiser.org\/newsite\/2026\/04\/28\/rencontre-de-lalliance-maladies-rares-a-quimper\/#breadcrumb","itemListElement":[{"@type":"ListItem","position":1,"name":"Accueil","item":"https:\/\/apaiser.org\/newsite\/"},{"@type":"ListItem","position":2,"name":"Actualit\u00e9s","item":"https:\/\/apaiser.org\/newsite\/category\/actus\/"},{"@type":"ListItem","position":3,"name":"Rencontre de l&#8217;Alliance Maladies Rares \u00e0 Quimper"}]},{"@type":"WebSite","@id":"https:\/\/apaiser.org\/newsite\/#website","url":"https:\/\/apaiser.org\/newsite\/","name":"Apaiser S&C","description":"Associaton pour Aider, Informer, Soutenir les Etudes et la Recherche pour la syingomy\u00e9lie et le Chiari","publisher":{"@id":"https:\/\/apaiser.org\/newsite\/#organization"},"alternateName":"Association pour aide, informer, soutenir les \u00e9tudes et la recherche pou la syringomy\u00e9lie et le chiari","potentialAction":[{"@type":"SearchAction","target":{"@type":"EntryPoint","urlTemplate":"https:\/\/apaiser.org\/newsite\/?s={search_term_string}"},"query-input":{"@type":"PropertyValueSpecification","valueRequired":true,"valueName":"search_term_string"}}],"inLanguage":"fr-FR"},{"@type":"Organization","@id":"https:\/\/apaiser.org\/newsite\/#organization","name":"Apaiser S&C","alternateName":"Association pour aider, informer, soutenir les \u00e9tudes et la recherche pour la syingomy\u00e9lie et le Chiari","url":"https:\/\/apaiser.org\/newsite\/","logo":{"@type":"ImageObject","inLanguage":"fr-FR","@id":"https:\/\/apaiser.org\/newsite\/#\/schema\/logo\/image\/","url":"https:\/\/apaiser.org\/newsite\/wp-content\/uploads\/2024\/06\/logo.png","contentUrl":"https:\/\/apaiser.org\/newsite\/wp-content\/uploads\/2024\/06\/logo.png","width":173,"height":136,"caption":"Apaiser S&C"},"image":{"@id":"https:\/\/apaiser.org\/newsite\/#\/schema\/logo\/image\/"},"sameAs":["https:\/\/www.facebook.com\/AssociationApaiser\/","https:\/\/www.instagram.com\/apaisersc\/","https:\/\/www.youtube.com\/@apaiser7806"]},{"@type":"Person","@id":"https:\/\/apaiser.org\/newsite\/#\/schema\/person\/198f94d7e1c44941ed2fbc07a4843ad8","name":"fpiriou","image":{"@type":"ImageObject","inLanguage":"fr-FR","@id":"https:\/\/secure.gravatar.com\/avatar\/0ebc02d67dfb83083b07ed8014c44a279140d306b0f26fa097a5c1e1b9b5ca78?s=96&d=mm&r=g","url":"https:\/\/secure.gravatar.com\/avatar\/0ebc02d67dfb83083b07ed8014c44a279140d306b0f26fa097a5c1e1b9b5ca78?s=96&d=mm&r=g","contentUrl":"https:\/\/secure.gravatar.com\/avatar\/0ebc02d67dfb83083b07ed8014c44a279140d306b0f26fa097a5c1e1b9b5ca78?s=96&d=mm&r=g","caption":"fpiriou"},"sameAs":["http:\/\/apaiser.org\/newsite"],"url":"https:\/\/apaiser.org\/newsite\/author\/fpiriou\/"}]}},"rttpg_featured_image_url":{"full":["https:\/\/apaiser.org\/newsite\/wp-content\/uploads\/2026\/04\/quimper.jpg",768,384,false],"landscape":["https:\/\/apaiser.org\/newsite\/wp-content\/uploads\/2026\/04\/quimper.jpg",768,384,false],"portraits":["https:\/\/apaiser.org\/newsite\/wp-content\/uploads\/2026\/04\/quimper.jpg",768,384,false],"thumbnail":["https:\/\/apaiser.org\/newsite\/wp-content\/uploads\/2026\/04\/quimper-150x150.jpg",150,150,true],"medium":["https:\/\/apaiser.org\/newsite\/wp-content\/uploads\/2026\/04\/quimper-300x150.jpg",300,150,true],"large":["https:\/\/apaiser.org\/newsite\/wp-content\/uploads\/2026\/04\/quimper.jpg",768,384,false],"1536x1536":["https:\/\/apaiser.org\/newsite\/wp-content\/uploads\/2026\/04\/quimper.jpg",768,384,false],"2048x2048":["https:\/\/apaiser.org\/newsite\/wp-content\/uploads\/2026\/04\/quimper.jpg",768,384,false],"tp-image-grid":["https:\/\/apaiser.org\/newsite\/wp-content\/uploads\/2026\/04\/quimper-700x384.jpg",700,384,true]},"rttpg_author":{"display_name":"fpiriou","author_link":"https:\/\/apaiser.org\/newsite\/author\/fpiriou\/"},"rttpg_comment":0,"rttpg_category":"<a href=\"https:\/\/apaiser.org\/newsite\/category\/actus\/\" rel=\"category tag\">Actualit\u00e9s<\/a>","rttpg_excerpt":"Le 22 mai prochain, les rencontres r\u00e9gionales de l'Alliance Maladies Rares font escale en Bretagne, \u00e0 Quimper o\u00f9 APAISER S&C sera repr\u00e9sent\u00e9e par sa Pr\u00e9sidente Mado Gilanton. L'occasion d'\u00e9changer entre patients, aidants, et repr\u00e9sentants des associations de patients atteints de maladies rares.","_links":{"self":[{"href":"https:\/\/apaiser.org\/newsite\/wp-json\/wp\/v2\/posts\/8946","targetHints":{"allow":["GET"]}}],"collection":[{"href":"https:\/\/apaiser.org\/newsite\/wp-json\/wp\/v2\/posts"}],"about":[{"href":"https:\/\/apaiser.org\/newsite\/wp-json\/wp\/v2\/types\/post"}],"author":[{"embeddable":true,"href":"https:\/\/apaiser.org\/newsite\/wp-json\/wp\/v2\/users\/1"}],"replies":[{"embeddable":true,"href":"https:\/\/apaiser.org\/newsite\/wp-json\/wp\/v2\/comments?post=8946"}],"version-history":[{"count":1,"href":"https:\/\/apaiser.org\/newsite\/wp-json\/wp\/v2\/posts\/8946\/revisions"}],"predecessor-version":[{"id":8948,"href":"https:\/\/apaiser.org\/newsite\/wp-json\/wp\/v2\/posts\/8946\/revisions\/8948"}],"wp:featuredmedia":[{"embeddable":true,"href":"https:\/\/apaiser.org\/newsite\/wp-json\/wp\/v2\/media\/8947"}],"wp:attachment":[{"href":"https:\/\/apaiser.org\/newsite\/wp-json\/wp\/v2\/media?parent=8946"}],"wp:term":[{"taxonomy":"category","embeddable":true,"href":"https:\/\/apaiser.org\/newsite\/wp-json\/wp\/v2\/categories?post=8946"},{"taxonomy":"post_tag","embeddable":true,"href":"https:\/\/apaiser.org\/newsite\/wp-json\/wp\/v2\/tags?post=8946"}],"curies":[{"name":"wp","href":"https:\/\/api.w.org\/{rel}","templated":true}]}}