{"id":9032,"date":"2026-09-03T18:55:36","date_gmt":"2026-09-03T16:55:36","guid":{"rendered":"https:\/\/apaiser.org\/newsite\/?p=9032"},"modified":"2026-09-03T18:55:38","modified_gmt":"2026-09-03T16:55:38","slug":"rencontres-regionales-en-nouvelle-aquitaine","status":"publish","type":"post","link":"https:\/\/apaiser.org\/newsite\/2026\/09\/03\/rencontres-regionales-en-nouvelle-aquitaine\/","title":{"rendered":"Rencontres r\u00e9gionales en Nouvelle-Aquitaine"},"content":{"rendered":"\n<p class=\"wp-block-paragraph\">Rappel : 2 rencontres r\u00e9gionales sont programm\u00e9es en Nouvelle Aquitaine au mois d&#8217;octobre :<br><br><strong>Le 10 Octobre \u00e0 Ciss\u00e9<\/strong><br>Patricia, d\u00e9l\u00e9gu\u00e9e Nouvelle-Aquitaine et Jean, d\u00e9l\u00e9gu\u00e9 Pays de la Loire, vous proposent une rencontre interr\u00e9gionale \u00e0 Ciss\u00e9 (86), \u00e0 proximit\u00e9 de Poitiers. Merci \u00e0 Nicole pour avoir permis cette rencontre dans sa commune. Contacts :\u00a0<a href=\"mailto:patriciagauthier2005@yahoo.fr\">patriciagauthier2005@yahoo.fr<\/a>\u00a0(Nlle-Aquitaine) et\u00a0<a href=\"mailto:monique.terrade@orange.fr\">monique.terrade@orange.fr<\/a>\u00a0(Pays de la Loire)<\/p>\n\n\n\n<p class=\"wp-block-paragraph\">Modifier le type ou le style du bloc<\/p>\n\n\n\n<p class=\"wp-block-paragraph\">Le bloc Paragraphe est au d\u00e9but du contenu et ne peut pas \u00eatre d\u00e9plac\u00e9 plus haut<\/p>\n\n\n\n<p class=\"wp-block-paragraph\">D\u00e9placer le bloc Paragraphe de la position 1 vers la position 2<\/p>\n\n\n\n<p class=\"wp-block-paragraph\">Modifier l\u2019alignement<\/p>\n\n\n\n<p class=\"wp-block-paragraph\">Modifier le type ou le style du bloc<\/p>\n\n\n\n<p class=\"wp-block-paragraph\">D\u00e9placer le bloc Paragraphe de la position 2 vers la position 1<\/p>\n\n\n\n<p class=\"wp-block-paragraph\">D\u00e9placer le bloc Paragraphe de la position 2 vers la position 3<\/p>\n\n\n\n<p class=\"wp-block-paragraph\">Modifier l\u2019alignement<\/p>\n\n\n\n<p class=\"wp-block-paragraph\">Modifier l\u2019alignement du texte<\/p>\n\n\n\n<p class=\"wp-block-paragraph\">Affiche plus d\u2019outils de bloc<\/p>\n\n\n\n<p class=\"wp-block-paragraph\">blob:https:\/\/apaiser.org\/95fd8e74-fc94-457f-b947-bc14be50aaefBo\u00eetes m\u00e9ta<\/p>\n\n\n\n<p class=\"wp-block-paragraph\">Utiliser fl\u00e8ches haut et bas pour redimensionner le panneau de la bo\u00eete m\u00e9ta.<\/p>\n\n\n\n<p class=\"wp-block-paragraph\">Modifier l\u2019alignement du texte<\/p>\n\n\n\n<p class=\"wp-block-paragraph\">Affiche plus d\u2019outils de bloc<\/p>\n\n\n\n<p class=\"wp-block-paragraph\">blob:https:\/\/apaiser.org\/95fd8e74-fc94-457f-b947-bc14be50aaefBo\u00eetes m\u00e9ta<\/p>\n\n\n\n<p class=\"wp-block-paragraph\">Utiliser fl\u00e8ches haut et bas pour redimensionner le panneau de la bo\u00eete m\u00e9ta.<\/p>\n\n\n\n<p class=\"wp-block-paragraph\"><strong>Le 17 octobre \u00e0 Saint-Pierre du Mont<\/strong><br>Patricia organise une seconde rencontre r\u00e9gionale pour la partie sud de la r\u00e9gion, dans les landes (40) \u00e0 proximit\u00e9 de Mont-de-Marsan. Contact :&nbsp;<a href=\"mailto:patriciagauthier2005@yahoo.fr\">patriciagauthier2005@yahoo.fr<\/a><\/p>\n\n\n\n<p class=\"wp-block-paragraph\"><strong>Les rencontres r\u00e9gionales d&#8217;APAISER S&amp;C sont gratutes et ouvertes \u00e0 tous<\/strong>, adh\u00e9rents ou non, patients, aidants et proches. Elles sont l&#8217;occasion de s&#8217;informer sur la pathologie et la vie de l&#8217;association, d&#8217;\u00e9changer entre patients pour sortir de l&#8217;isolement et de renforcer nos liens en partageant un moment de convivialit\u00e9. L&#8217;inscription par mail est obligatoire.<\/p>\n\n\n\n<p class=\"wp-block-paragraph\"><\/p>\n","protected":false},"excerpt":{"rendered":"<p>Deux rencontres r\u00e9gionales sont program\u00e9es au mois d&#8217;octobre \u00e0 Ciss\u00e9 (86) pr\u00e8s de Poitiers et \u00e0 saint-Pierre du Mont, (40) dans les Landes.<\/p>\n","protected":false},"author":1,"featured_media":9033,"comment_status":"open","ping_status":"open","sticky":false,"template":"","format":"standard","meta":{"inline_featured_image":false,"footnotes":""},"categories":[35],"tags":[],"class_list":["post-9032","post","type-post","status-publish","format-standard","has-post-thumbnail","hentry","category-actus"],"yoast_head":"<!-- This site is optimized with the Yoast SEO plugin v28.4 - https:\/\/yoast.com\/product\/yoast-seo-wordpress\/ -->\n<title>Rencontres r\u00e9gionales en Nouvelle-Aquitaine - Apaiser S&amp;C<\/title>\n<meta name=\"description\" content=\"Deux rencontres r\u00e9gionales sont program\u00e9es au mois d&#039;octobre \u00e0 Ciss\u00e9 (86) pr\u00e8s de Poitiers et \u00e0 saint-Pierre du Mont, (40) dans les Landes.\" \/>\n<meta name=\"robots\" content=\"index, follow, max-snippet:-1, max-image-preview:large, max-video-preview:-1\" \/>\n<link rel=\"canonical\" href=\"https:\/\/apaiser.org\/newsite\/2026\/09\/03\/rencontres-regionales-en-nouvelle-aquitaine\/\" \/>\n<meta property=\"og:locale\" content=\"fr_FR\" \/>\n<meta property=\"og:type\" content=\"article\" \/>\n<meta property=\"og:title\" content=\"Rencontres r\u00e9gionales en Nouvelle-Aquitaine - Apaiser S&amp;C\" \/>\n<meta property=\"og:description\" content=\"Deux rencontres r\u00e9gionales sont program\u00e9es au mois d&#039;octobre \u00e0 Ciss\u00e9 (86) pr\u00e8s de Poitiers et \u00e0 saint-Pierre du Mont, (40) dans les Landes.\" \/>\n<meta property=\"og:url\" content=\"https:\/\/apaiser.org\/newsite\/2026\/09\/03\/rencontres-regionales-en-nouvelle-aquitaine\/\" \/>\n<meta property=\"og:site_name\" content=\"Apaiser S&amp;C\" \/>\n<meta property=\"article:publisher\" content=\"https:\/\/www.facebook.com\/AssociationApaiser\/\" \/>\n<meta property=\"article:published_time\" content=\"2026-09-03T16:55:36+00:00\" \/>\n<meta property=\"article:modified_time\" content=\"2026-09-03T16:55:38+00:00\" \/>\n<meta property=\"og:image\" content=\"http:\/\/apaiser.org\/newsite\/wp-content\/uploads\/2026\/09\/Cisse26.jpg\" \/>\n\t<meta property=\"og:image:width\" content=\"768\" \/>\n\t<meta property=\"og:image:height\" content=\"384\" \/>\n\t<meta property=\"og:image:type\" content=\"image\/jpeg\" \/>\n<meta name=\"author\" content=\"fpiriou\" \/>\n<meta name=\"twitter:card\" content=\"summary_large_image\" \/>\n<meta name=\"twitter:label1\" content=\"\u00c9crit par\" \/>\n\t<meta name=\"twitter:data1\" content=\"fpiriou\" \/>\n\t<meta name=\"twitter:label2\" content=\"Dur\u00e9e de lecture estim\u00e9e\" \/>\n\t<meta name=\"twitter:data2\" content=\"2 minutes\" \/>\n<script type=\"application\/ld+json\" class=\"yoast-schema-graph\">{\"@context\":\"https:\\\/\\\/schema.org\",\"@graph\":[{\"@type\":\"Article\",\"@id\":\"https:\\\/\\\/apaiser.org\\\/newsite\\\/2026\\\/09\\\/03\\\/rencontres-regionales-en-nouvelle-aquitaine\\\/#article\",\"isPartOf\":{\"@id\":\"https:\\\/\\\/apaiser.org\\\/newsite\\\/2026\\\/09\\\/03\\\/rencontres-regionales-en-nouvelle-aquitaine\\\/\"},\"author\":{\"name\":\"fpiriou\",\"@id\":\"https:\\\/\\\/apaiser.org\\\/newsite\\\/#\\\/schema\\\/person\\\/198f94d7e1c44941ed2fbc07a4843ad8\"},\"headline\":\"Rencontres r\u00e9gionales en Nouvelle-Aquitaine\",\"datePublished\":\"2026-09-03T16:55:36+00:00\",\"dateModified\":\"2026-09-03T16:55:38+00:00\",\"mainEntityOfPage\":{\"@id\":\"https:\\\/\\\/apaiser.org\\\/newsite\\\/2026\\\/09\\\/03\\\/rencontres-regionales-en-nouvelle-aquitaine\\\/\"},\"wordCount\":316,\"commentCount\":0,\"publisher\":{\"@id\":\"https:\\\/\\\/apaiser.org\\\/newsite\\\/#organization\"},\"image\":{\"@id\":\"https:\\\/\\\/apaiser.org\\\/newsite\\\/2026\\\/09\\\/03\\\/rencontres-regionales-en-nouvelle-aquitaine\\\/#primaryimage\"},\"thumbnailUrl\":\"https:\\\/\\\/apaiser.org\\\/newsite\\\/wp-content\\\/uploads\\\/2026\\\/09\\\/Cisse26.jpg\",\"articleSection\":[\"Actualit\u00e9s\"],\"inLanguage\":\"fr-FR\",\"potentialAction\":[{\"@type\":\"CommentAction\",\"name\":\"Comment\",\"target\":[\"https:\\\/\\\/apaiser.org\\\/newsite\\\/2026\\\/09\\\/03\\\/rencontres-regionales-en-nouvelle-aquitaine\\\/#respond\"]}]},{\"@type\":\"WebPage\",\"@id\":\"https:\\\/\\\/apaiser.org\\\/newsite\\\/2026\\\/09\\\/03\\\/rencontres-regionales-en-nouvelle-aquitaine\\\/\",\"url\":\"https:\\\/\\\/apaiser.org\\\/newsite\\\/2026\\\/09\\\/03\\\/rencontres-regionales-en-nouvelle-aquitaine\\\/\",\"name\":\"Rencontres r\u00e9gionales en Nouvelle-Aquitaine - Apaiser S&amp;C\",\"isPartOf\":{\"@id\":\"https:\\\/\\\/apaiser.org\\\/newsite\\\/#website\"},\"primaryImageOfPage\":{\"@id\":\"https:\\\/\\\/apaiser.org\\\/newsite\\\/2026\\\/09\\\/03\\\/rencontres-regionales-en-nouvelle-aquitaine\\\/#primaryimage\"},\"image\":{\"@id\":\"https:\\\/\\\/apaiser.org\\\/newsite\\\/2026\\\/09\\\/03\\\/rencontres-regionales-en-nouvelle-aquitaine\\\/#primaryimage\"},\"thumbnailUrl\":\"https:\\\/\\\/apaiser.org\\\/newsite\\\/wp-content\\\/uploads\\\/2026\\\/09\\\/Cisse26.jpg\",\"datePublished\":\"2026-09-03T16:55:36+00:00\",\"dateModified\":\"2026-09-03T16:55:38+00:00\",\"description\":\"Deux rencontres r\u00e9gionales sont program\u00e9es au mois d'octobre \u00e0 Ciss\u00e9 (86) pr\u00e8s de Poitiers et \u00e0 saint-Pierre du Mont, (40) dans les Landes.\",\"breadcrumb\":{\"@id\":\"https:\\\/\\\/apaiser.org\\\/newsite\\\/2026\\\/09\\\/03\\\/rencontres-regionales-en-nouvelle-aquitaine\\\/#breadcrumb\"},\"inLanguage\":\"fr-FR\",\"potentialAction\":[{\"@type\":\"ReadAction\",\"target\":[\"https:\\\/\\\/apaiser.org\\\/newsite\\\/2026\\\/09\\\/03\\\/rencontres-regionales-en-nouvelle-aquitaine\\\/\"]}]},{\"@type\":\"ImageObject\",\"inLanguage\":\"fr-FR\",\"@id\":\"https:\\\/\\\/apaiser.org\\\/newsite\\\/2026\\\/09\\\/03\\\/rencontres-regionales-en-nouvelle-aquitaine\\\/#primaryimage\",\"url\":\"https:\\\/\\\/apaiser.org\\\/newsite\\\/wp-content\\\/uploads\\\/2026\\\/09\\\/Cisse26.jpg\",\"contentUrl\":\"https:\\\/\\\/apaiser.org\\\/newsite\\\/wp-content\\\/uploads\\\/2026\\\/09\\\/Cisse26.jpg\",\"width\":768,\"height\":384},{\"@type\":\"BreadcrumbList\",\"@id\":\"https:\\\/\\\/apaiser.org\\\/newsite\\\/2026\\\/09\\\/03\\\/rencontres-regionales-en-nouvelle-aquitaine\\\/#breadcrumb\",\"itemListElement\":[{\"@type\":\"ListItem\",\"position\":1,\"name\":\"Accueil\",\"item\":\"https:\\\/\\\/apaiser.org\\\/newsite\\\/\"},{\"@type\":\"ListItem\",\"position\":2,\"name\":\"Actualit\u00e9s\",\"item\":\"https:\\\/\\\/apaiser.org\\\/newsite\\\/category\\\/actus\\\/\"},{\"@type\":\"ListItem\",\"position\":3,\"name\":\"Rencontres r\u00e9gionales en Nouvelle-Aquitaine\"}]},{\"@type\":\"WebSite\",\"@id\":\"https:\\\/\\\/apaiser.org\\\/newsite\\\/#website\",\"url\":\"https:\\\/\\\/apaiser.org\\\/newsite\\\/\",\"name\":\"Apaiser S&C\",\"description\":\"Associaton pour Aider, Informer, Soutenir les Etudes et la Recherche pour la syingomy\u00e9lie et le Chiari\",\"publisher\":{\"@id\":\"https:\\\/\\\/apaiser.org\\\/newsite\\\/#organization\"},\"alternateName\":\"Association pour aide, informer, soutenir les \u00e9tudes et la recherche pou la syringomy\u00e9lie et le chiari\",\"potentialAction\":[{\"@type\":\"SearchAction\",\"target\":{\"@type\":\"EntryPoint\",\"urlTemplate\":\"https:\\\/\\\/apaiser.org\\\/newsite\\\/?s={search_term_string}\"},\"query-input\":{\"@type\":\"PropertyValueSpecification\",\"valueRequired\":true,\"valueName\":\"search_term_string\"}}],\"inLanguage\":\"fr-FR\"},{\"@type\":\"Organization\",\"@id\":\"https:\\\/\\\/apaiser.org\\\/newsite\\\/#organization\",\"name\":\"Apaiser S&C\",\"alternateName\":\"Association pour aider, informer, soutenir les \u00e9tudes et la recherche pour la syingomy\u00e9lie et le Chiari\",\"url\":\"https:\\\/\\\/apaiser.org\\\/newsite\\\/\",\"logo\":{\"@type\":\"ImageObject\",\"inLanguage\":\"fr-FR\",\"@id\":\"https:\\\/\\\/apaiser.org\\\/newsite\\\/#\\\/schema\\\/logo\\\/image\\\/\",\"url\":\"https:\\\/\\\/apaiser.org\\\/newsite\\\/wp-content\\\/uploads\\\/2024\\\/06\\\/logo.png\",\"contentUrl\":\"https:\\\/\\\/apaiser.org\\\/newsite\\\/wp-content\\\/uploads\\\/2024\\\/06\\\/logo.png\",\"width\":173,\"height\":136,\"caption\":\"Apaiser S&C\"},\"image\":{\"@id\":\"https:\\\/\\\/apaiser.org\\\/newsite\\\/#\\\/schema\\\/logo\\\/image\\\/\"},\"sameAs\":[\"https:\\\/\\\/www.facebook.com\\\/AssociationApaiser\\\/\",\"https:\\\/\\\/www.instagram.com\\\/apaisersc\\\/\",\"https:\\\/\\\/www.youtube.com\\\/@apaiser7806\"]},{\"@type\":\"Person\",\"@id\":\"https:\\\/\\\/apaiser.org\\\/newsite\\\/#\\\/schema\\\/person\\\/198f94d7e1c44941ed2fbc07a4843ad8\",\"name\":\"fpiriou\",\"image\":{\"@type\":\"ImageObject\",\"inLanguage\":\"fr-FR\",\"@id\":\"https:\\\/\\\/secure.gravatar.com\\\/avatar\\\/0ebc02d67dfb83083b07ed8014c44a279140d306b0f26fa097a5c1e1b9b5ca78?s=96&d=mm&r=g\",\"url\":\"https:\\\/\\\/secure.gravatar.com\\\/avatar\\\/0ebc02d67dfb83083b07ed8014c44a279140d306b0f26fa097a5c1e1b9b5ca78?s=96&d=mm&r=g\",\"contentUrl\":\"https:\\\/\\\/secure.gravatar.com\\\/avatar\\\/0ebc02d67dfb83083b07ed8014c44a279140d306b0f26fa097a5c1e1b9b5ca78?s=96&d=mm&r=g\",\"caption\":\"fpiriou\"},\"sameAs\":[\"http:\\\/\\\/apaiser.org\\\/newsite\"],\"url\":\"https:\\\/\\\/apaiser.org\\\/newsite\\\/author\\\/fpiriou\\\/\"}]}<\/script>\n<!-- \/ Yoast SEO plugin. -->","yoast_head_json":{"title":"Rencontres r\u00e9gionales en Nouvelle-Aquitaine - Apaiser S&amp;C","description":"Deux rencontres r\u00e9gionales sont program\u00e9es au mois d'octobre \u00e0 Ciss\u00e9 (86) pr\u00e8s de Poitiers et \u00e0 saint-Pierre du Mont, (40) dans les Landes.","robots":{"index":"index","follow":"follow","max-snippet":"max-snippet:-1","max-image-preview":"max-image-preview:large","max-video-preview":"max-video-preview:-1"},"canonical":"https:\/\/apaiser.org\/newsite\/2026\/09\/03\/rencontres-regionales-en-nouvelle-aquitaine\/","og_locale":"fr_FR","og_type":"article","og_title":"Rencontres r\u00e9gionales en Nouvelle-Aquitaine - Apaiser S&amp;C","og_description":"Deux rencontres r\u00e9gionales sont program\u00e9es au mois d'octobre \u00e0 Ciss\u00e9 (86) pr\u00e8s de Poitiers et \u00e0 saint-Pierre du Mont, (40) dans les Landes.","og_url":"https:\/\/apaiser.org\/newsite\/2026\/09\/03\/rencontres-regionales-en-nouvelle-aquitaine\/","og_site_name":"Apaiser S&amp;C","article_publisher":"https:\/\/www.facebook.com\/AssociationApaiser\/","article_published_time":"2026-09-03T16:55:36+00:00","article_modified_time":"2026-09-03T16:55:38+00:00","og_image":[{"width":768,"height":384,"url":"http:\/\/apaiser.org\/newsite\/wp-content\/uploads\/2026\/09\/Cisse26.jpg","type":"image\/jpeg"}],"author":"fpiriou","twitter_card":"summary_large_image","twitter_misc":{"\u00c9crit par":"fpiriou","Dur\u00e9e de lecture estim\u00e9e":"2 minutes"},"schema":{"@context":"https:\/\/schema.org","@graph":[{"@type":"Article","@id":"https:\/\/apaiser.org\/newsite\/2026\/09\/03\/rencontres-regionales-en-nouvelle-aquitaine\/#article","isPartOf":{"@id":"https:\/\/apaiser.org\/newsite\/2026\/09\/03\/rencontres-regionales-en-nouvelle-aquitaine\/"},"author":{"name":"fpiriou","@id":"https:\/\/apaiser.org\/newsite\/#\/schema\/person\/198f94d7e1c44941ed2fbc07a4843ad8"},"headline":"Rencontres r\u00e9gionales en Nouvelle-Aquitaine","datePublished":"2026-09-03T16:55:36+00:00","dateModified":"2026-09-03T16:55:38+00:00","mainEntityOfPage":{"@id":"https:\/\/apaiser.org\/newsite\/2026\/09\/03\/rencontres-regionales-en-nouvelle-aquitaine\/"},"wordCount":316,"commentCount":0,"publisher":{"@id":"https:\/\/apaiser.org\/newsite\/#organization"},"image":{"@id":"https:\/\/apaiser.org\/newsite\/2026\/09\/03\/rencontres-regionales-en-nouvelle-aquitaine\/#primaryimage"},"thumbnailUrl":"https:\/\/apaiser.org\/newsite\/wp-content\/uploads\/2026\/09\/Cisse26.jpg","articleSection":["Actualit\u00e9s"],"inLanguage":"fr-FR","potentialAction":[{"@type":"CommentAction","name":"Comment","target":["https:\/\/apaiser.org\/newsite\/2026\/09\/03\/rencontres-regionales-en-nouvelle-aquitaine\/#respond"]}]},{"@type":"WebPage","@id":"https:\/\/apaiser.org\/newsite\/2026\/09\/03\/rencontres-regionales-en-nouvelle-aquitaine\/","url":"https:\/\/apaiser.org\/newsite\/2026\/09\/03\/rencontres-regionales-en-nouvelle-aquitaine\/","name":"Rencontres r\u00e9gionales en Nouvelle-Aquitaine - Apaiser S&amp;C","isPartOf":{"@id":"https:\/\/apaiser.org\/newsite\/#website"},"primaryImageOfPage":{"@id":"https:\/\/apaiser.org\/newsite\/2026\/09\/03\/rencontres-regionales-en-nouvelle-aquitaine\/#primaryimage"},"image":{"@id":"https:\/\/apaiser.org\/newsite\/2026\/09\/03\/rencontres-regionales-en-nouvelle-aquitaine\/#primaryimage"},"thumbnailUrl":"https:\/\/apaiser.org\/newsite\/wp-content\/uploads\/2026\/09\/Cisse26.jpg","datePublished":"2026-09-03T16:55:36+00:00","dateModified":"2026-09-03T16:55:38+00:00","description":"Deux rencontres r\u00e9gionales sont program\u00e9es au mois d'octobre \u00e0 Ciss\u00e9 (86) pr\u00e8s de Poitiers et \u00e0 saint-Pierre du Mont, (40) dans les Landes.","breadcrumb":{"@id":"https:\/\/apaiser.org\/newsite\/2026\/09\/03\/rencontres-regionales-en-nouvelle-aquitaine\/#breadcrumb"},"inLanguage":"fr-FR","potentialAction":[{"@type":"ReadAction","target":["https:\/\/apaiser.org\/newsite\/2026\/09\/03\/rencontres-regionales-en-nouvelle-aquitaine\/"]}]},{"@type":"ImageObject","inLanguage":"fr-FR","@id":"https:\/\/apaiser.org\/newsite\/2026\/09\/03\/rencontres-regionales-en-nouvelle-aquitaine\/#primaryimage","url":"https:\/\/apaiser.org\/newsite\/wp-content\/uploads\/2026\/09\/Cisse26.jpg","contentUrl":"https:\/\/apaiser.org\/newsite\/wp-content\/uploads\/2026\/09\/Cisse26.jpg","width":768,"height":384},{"@type":"BreadcrumbList","@id":"https:\/\/apaiser.org\/newsite\/2026\/09\/03\/rencontres-regionales-en-nouvelle-aquitaine\/#breadcrumb","itemListElement":[{"@type":"ListItem","position":1,"name":"Accueil","item":"https:\/\/apaiser.org\/newsite\/"},{"@type":"ListItem","position":2,"name":"Actualit\u00e9s","item":"https:\/\/apaiser.org\/newsite\/category\/actus\/"},{"@type":"ListItem","position":3,"name":"Rencontres r\u00e9gionales en Nouvelle-Aquitaine"}]},{"@type":"WebSite","@id":"https:\/\/apaiser.org\/newsite\/#website","url":"https:\/\/apaiser.org\/newsite\/","name":"Apaiser S&C","description":"Associaton pour Aider, Informer, Soutenir les Etudes et la Recherche pour la syingomy\u00e9lie et le Chiari","publisher":{"@id":"https:\/\/apaiser.org\/newsite\/#organization"},"alternateName":"Association pour aide, informer, soutenir les \u00e9tudes et la recherche pou la syringomy\u00e9lie et le chiari","potentialAction":[{"@type":"SearchAction","target":{"@type":"EntryPoint","urlTemplate":"https:\/\/apaiser.org\/newsite\/?s={search_term_string}"},"query-input":{"@type":"PropertyValueSpecification","valueRequired":true,"valueName":"search_term_string"}}],"inLanguage":"fr-FR"},{"@type":"Organization","@id":"https:\/\/apaiser.org\/newsite\/#organization","name":"Apaiser S&C","alternateName":"Association pour aider, informer, soutenir les \u00e9tudes et la recherche pour la syingomy\u00e9lie et le Chiari","url":"https:\/\/apaiser.org\/newsite\/","logo":{"@type":"ImageObject","inLanguage":"fr-FR","@id":"https:\/\/apaiser.org\/newsite\/#\/schema\/logo\/image\/","url":"https:\/\/apaiser.org\/newsite\/wp-content\/uploads\/2024\/06\/logo.png","contentUrl":"https:\/\/apaiser.org\/newsite\/wp-content\/uploads\/2024\/06\/logo.png","width":173,"height":136,"caption":"Apaiser S&C"},"image":{"@id":"https:\/\/apaiser.org\/newsite\/#\/schema\/logo\/image\/"},"sameAs":["https:\/\/www.facebook.com\/AssociationApaiser\/","https:\/\/www.instagram.com\/apaisersc\/","https:\/\/www.youtube.com\/@apaiser7806"]},{"@type":"Person","@id":"https:\/\/apaiser.org\/newsite\/#\/schema\/person\/198f94d7e1c44941ed2fbc07a4843ad8","name":"fpiriou","image":{"@type":"ImageObject","inLanguage":"fr-FR","@id":"https:\/\/secure.gravatar.com\/avatar\/0ebc02d67dfb83083b07ed8014c44a279140d306b0f26fa097a5c1e1b9b5ca78?s=96&d=mm&r=g","url":"https:\/\/secure.gravatar.com\/avatar\/0ebc02d67dfb83083b07ed8014c44a279140d306b0f26fa097a5c1e1b9b5ca78?s=96&d=mm&r=g","contentUrl":"https:\/\/secure.gravatar.com\/avatar\/0ebc02d67dfb83083b07ed8014c44a279140d306b0f26fa097a5c1e1b9b5ca78?s=96&d=mm&r=g","caption":"fpiriou"},"sameAs":["http:\/\/apaiser.org\/newsite"],"url":"https:\/\/apaiser.org\/newsite\/author\/fpiriou\/"}]}},"rttpg_featured_image_url":{"full":["https:\/\/apaiser.org\/newsite\/wp-content\/uploads\/2026\/09\/Cisse26.jpg",768,384,false],"landscape":["https:\/\/apaiser.org\/newsite\/wp-content\/uploads\/2026\/09\/Cisse26.jpg",768,384,false],"portraits":["https:\/\/apaiser.org\/newsite\/wp-content\/uploads\/2026\/09\/Cisse26.jpg",768,384,false],"thumbnail":["https:\/\/apaiser.org\/newsite\/wp-content\/uploads\/2026\/09\/Cisse26-150x150.jpg",150,150,true],"medium":["https:\/\/apaiser.org\/newsite\/wp-content\/uploads\/2026\/09\/Cisse26-300x150.jpg",300,150,true],"large":["https:\/\/apaiser.org\/newsite\/wp-content\/uploads\/2026\/09\/Cisse26.jpg",768,384,false],"1536x1536":["https:\/\/apaiser.org\/newsite\/wp-content\/uploads\/2026\/09\/Cisse26.jpg",768,384,false],"2048x2048":["https:\/\/apaiser.org\/newsite\/wp-content\/uploads\/2026\/09\/Cisse26.jpg",768,384,false],"tp-image-grid":["https:\/\/apaiser.org\/newsite\/wp-content\/uploads\/2026\/09\/Cisse26-700x384.jpg",700,384,true]},"rttpg_author":{"display_name":"fpiriou","author_link":"https:\/\/apaiser.org\/newsite\/author\/fpiriou\/"},"rttpg_comment":0,"rttpg_category":"<a href=\"https:\/\/apaiser.org\/newsite\/category\/actus\/\" rel=\"category tag\">Actualit\u00e9s<\/a>","rttpg_excerpt":"Deux rencontres r\u00e9gionales sont program\u00e9es au mois d'octobre \u00e0 Ciss\u00e9 (86) pr\u00e8s de Poitiers et \u00e0 saint-Pierre du Mont, (40) dans les Landes.","_links":{"self":[{"href":"https:\/\/apaiser.org\/newsite\/wp-json\/wp\/v2\/posts\/9032","targetHints":{"allow":["GET"]}}],"collection":[{"href":"https:\/\/apaiser.org\/newsite\/wp-json\/wp\/v2\/posts"}],"about":[{"href":"https:\/\/apaiser.org\/newsite\/wp-json\/wp\/v2\/types\/post"}],"author":[{"embeddable":true,"href":"https:\/\/apaiser.org\/newsite\/wp-json\/wp\/v2\/users\/1"}],"replies":[{"embeddable":true,"href":"https:\/\/apaiser.org\/newsite\/wp-json\/wp\/v2\/comments?post=9032"}],"version-history":[{"count":1,"href":"https:\/\/apaiser.org\/newsite\/wp-json\/wp\/v2\/posts\/9032\/revisions"}],"predecessor-version":[{"id":9034,"href":"https:\/\/apaiser.org\/newsite\/wp-json\/wp\/v2\/posts\/9032\/revisions\/9034"}],"wp:featuredmedia":[{"embeddable":true,"href":"https:\/\/apaiser.org\/newsite\/wp-json\/wp\/v2\/media\/9033"}],"wp:attachment":[{"href":"https:\/\/apaiser.org\/newsite\/wp-json\/wp\/v2\/media?parent=9032"}],"wp:term":[{"taxonomy":"category","embeddable":true,"href":"https:\/\/apaiser.org\/newsite\/wp-json\/wp\/v2\/categories?post=9032"},{"taxonomy":"post_tag","embeddable":true,"href":"https:\/\/apaiser.org\/newsite\/wp-json\/wp\/v2\/tags?post=9032"}],"curies":[{"name":"wp","href":"https:\/\/api.w.org\/{rel}","templated":true}]}}